{"id":60,"date":"2023-04-27T15:20:25","date_gmt":"2023-04-27T13:20:25","guid":{"rendered":"https:\/\/bateau-noe.com\/?p=60"},"modified":"2023-04-27T15:20:25","modified_gmt":"2023-04-27T13:20:25","slug":"mentions-legales","status":"publish","type":"post","link":"https:\/\/bateau-noe.com\/index.php\/2023\/04\/27\/mentions-legales\/","title":{"rendered":"Mentions l\u00e9gales"},"content":{"rendered":"\n<h2 class=\"wp-block-heading\"><strong>R\u00e9colte et traitement de donn\u00e9es nominatives ou \u00e0 caract\u00e8re personnel<\/strong><\/h2>\n\n\n\n<p>Dans un souci de transparence et de protection de vos droits, la soci\u00e9t\u00e9&nbsp;<strong>ORIZA SARL<\/strong>&nbsp;ne se procurera pas des informations permettant de vous identifier personnellement sauf \u00e0 ce que vous nous les communiquiez volontairement en remplissant et en nous adressant ( par voie \u00e9lectronique ou postale) les formulaires figurant sur le site.<\/p>\n\n\n\n<p>Les informations vous concernant ainsi recueillies par la soci\u00e9t\u00e9&nbsp;<strong>ORIZA SARL<\/strong>&nbsp;indispensables au traitement de vos demandes ( inscription \u00e0 la newsletter, vente de billets en ligne, demande d\u2019information, inscription \u00e0 certains de nos services etc\u2026).<\/p>\n\n\n\n<p>Le caract\u00e8re obligatoire des informations sollicit\u00e9es est indiqu\u00e9 par un (*), le d\u00e9faut de r\u00e9ponse aura pour cons\u00e9quence le non-traitement de votre demande.<\/p>\n\n\n\n<p>Ces informations sont destin\u00e9es \u00e0 la soci\u00e9t\u00e9&nbsp;<strong>ORIZA SARL<\/strong>&nbsp;et aux partenaires de&nbsp;<strong>ORIZA SARL<\/strong><\/p>\n\n\n\n<p>Conform\u00e9ment \u00e0 la loi du 6 janvier 1978, vous pouvez \u00e0 tout moment acc\u00e9der aux donn\u00e9es nominatives ou \u00e0 caract\u00e8re personnel vous concernant et d\u00e9tenues par la soci\u00e9t\u00e9&nbsp;<strong>ORIZA SARL<\/strong>&nbsp;, demander leur modification ou leur suppression.<\/p>\n\n\n\n<p>Vous disposez d\u2019un droit d\u2019acc\u00e8s, de modification de rectification ou de radiation des donn\u00e9es vous concernant. Si vous souhaitez exercer ce droit, veuillez vous adresser \u00e0&nbsp;<strong>ORIZA SARL<\/strong>, Webmaster, 22 rue Orfila, 75020 Paris.<\/p>\n\n\n\n<p>Nous vous informons que les donn\u00e9es nominatives ou \u00e0 caract\u00e8re personnel recueillies aupr\u00e8s de internautes par l\u2019interm\u00e9diaire des formulaires pr\u00e9sents sur ce site pourront \u00eatre transmises, \u00e0 titre gratuit ou on\u00e9reux, \u00e0 des tiers personnes physiques ou morales contractuellement li\u00e9es \u00e0 la soci\u00e9t\u00e9&nbsp;<strong>ORIZA SARL.<\/strong>&nbsp;Chaque internaute a la possibilit\u00e9 de s\u2019opposer \u00e0 figurer dans certains fichiers ou de refuser la communication des informations qui la concernent \u00e0 des tiers. Si vous souhaitez exercer ce droit, veuillez vous adresser par courrier \u00e0&nbsp;<strong>ORIZA SARL, Webmaster, 22 rue Orfila, 75020 Paris.<\/strong><\/p>\n\n\n\n<h2 class=\"wp-block-heading\"><strong>Droits de propri\u00e9t\u00e9 Intellectuelle<\/strong><\/h2>\n\n\n\n<p>L\u2019utilisation du site de&nbsp;<strong>ORIZA SARL<\/strong>&nbsp;ne vous conf\u00e8re aucun droit, seul un usage strictement personnel est autoris\u00e9.<\/p>\n\n\n\n<p>Le site de&nbsp;<strong>ORIZA SARL<\/strong>&nbsp;et l\u2019ensemble des \u00e9l\u00e9ments le composant tels que notamment les noms de domaine, les marques, la structure g\u00e9n\u00e9rale, les textes, graphiques, images , les bases de donn\u00e9es, l\u2019arborescence du site, les logos, la charte graphique, sons, les photographies et l\u2019iconographie et autres \u00e9l\u00e9ments reproduits sur le site sont la propri\u00e9t\u00e9 de la soci\u00e9t\u00e9&nbsp;<strong>ORIZA SARL<\/strong>&nbsp;sans \u00e9gard du fait que lesdits \u00e9l\u00e9ments puissent ou non \u00eatre prot\u00e9g\u00e9s en l\u2019\u00e9tat actuel de la l\u00e9gislation par un droit d\u2019auteur ou de toute autre mani\u00e8re \u00e0 l\u2019exclusion des \u00e9l\u00e9ments \u00e9manant des partenaires de&nbsp;<strong>ORIZA SARL<\/strong>.<\/p>\n\n\n\n<p>La protection du site et des \u00e9l\u00e9ments le composant rel\u00e8ve des l\u00e9gislations nationales et internationales relatives au droit de la propri\u00e9t\u00e9 intellectuelle.<\/p>\n\n\n\n<p>D\u00e8s lors, toute reproduction et\/ou repr\u00e9sentation et\/ou rediffusion, en tout ou en partie, sur tout support \u00e9lectronique ou non, pr\u00e9sent ou futur, sont interdites sauf autorisation expresse et pr\u00e9alable de la soci\u00e9t\u00e9.<\/p>\n\n\n\n<p>Toute personne contrevenant \u00e0 cette interdiction, engage sa responsabilit\u00e9 p\u00e9nale et civile et peut \u00eatre poursuivie notamment sur le fondement de la contrefa\u00e7on.<\/p>\n\n\n\n<p>De m\u00eame les bases de donn\u00e9es d\u2019informations sont prot\u00e9g\u00e9es au titre de la loi du 1 er juillet 1998. Ainsi, toute extraction ou tentative d\u2019extraction, fut-elle totale ou partielle, est susceptible d\u2019engager les responsabilit\u00e9s civile et p\u00e9nale de tout contrevenant.<\/p>\n\n\n\n<h2 class=\"wp-block-heading\"><strong>Responsabilit\u00e9<\/strong><\/h2>\n\n\n\n<p>Les liens hypertextes mis en \u0153uvre au sein du site&nbsp;<strong>ORIZA SARL<\/strong>en direction d\u2019autres sites et\/ou de pages personnelles et d\u2019une mani\u00e8re g\u00e9n\u00e9rale vers toutes ressources existantes sur internet ne sauraient engager la responsabilit\u00e9 de la soci\u00e9t\u00e9&nbsp;<strong>ORIZA SARL<\/strong>.<\/p>\n\n\n\n<p>La soci\u00e9t\u00e9&nbsp;<strong>ORIZA SARL<\/strong>&nbsp;ne peut \u00eatre en aucun cas responsable du contenu et des informations, des services et des produits que l\u2019internaute pourrait trouver sur le site ayant fait l\u2019objet d\u2019un lien hypertexte \u00e0 partir du site de&nbsp;<strong>ORIZA SARL<\/strong><\/p>\n\n\n\n<p>La responsabilit\u00e9 la soci\u00e9t\u00e9&nbsp;<strong>ORIZA SARL<\/strong>&nbsp;ne pourra pas non plus \u00eatre recherch\u00e9e au titre de la qualit\u00e9 ou des sp\u00e9cifications des produits ou services vendus par des partenaires (places de concerts ou soir\u00e9es, disques, dvd, produits de boutiques, etc\u2026) ou par des annonceurs.<\/p>\n\n\n\n<p><strong>H\u00e9bergement et Webmastering<\/strong><\/p>\n\n\n\n<p>Ce site est h\u00e9berg\u00e9 sur les serveurs d\u2019<a href=\"https:\/\/www.ovh.com\/fr\/\" target=\"_blank\" rel=\"noreferrer noopener\">OVH<\/a>.<br>Pour toute information ou demande technique :&nbsp;<a href=\"mailto:contact@cultplace.com\">contact@cultplace.com<\/a><\/p>\n","protected":false},"excerpt":{"rendered":"<p>R\u00e9colte et traitement de donn\u00e9es nominatives ou \u00e0 caract\u00e8re personnel Dans un souci de transparence et de protection de vos droits, la soci\u00e9t\u00e9&nbsp;ORIZA SARL&nbsp;ne se procurera pas des informations permettant &hellip; <\/p>\n<p class=\"link-more\"><a href=\"https:\/\/bateau-noe.com\/index.php\/2023\/04\/27\/mentions-legales\/\" class=\"more-link\">Lire la suite de<span class=\"screen-reader-text\">\u00ab\u00a0Mentions l\u00e9gales\u00a0\u00bb<\/span><\/a><\/p>\n","protected":false},"author":1,"featured_media":0,"comment_status":"open","ping_status":"open","sticky":false,"template":"","format":"standard","meta":{"footnotes":""},"categories":[1],"tags":[],"class_list":["post-60","post","type-post","status-publish","format-standard","hentry","category-non-classe"],"_links":{"self":[{"href":"https:\/\/bateau-noe.com\/index.php\/wp-json\/wp\/v2\/posts\/60","targetHints":{"allow":["GET"]}}],"collection":[{"href":"https:\/\/bateau-noe.com\/index.php\/wp-json\/wp\/v2\/posts"}],"about":[{"href":"https:\/\/bateau-noe.com\/index.php\/wp-json\/wp\/v2\/types\/post"}],"author":[{"embeddable":true,"href":"https:\/\/bateau-noe.com\/index.php\/wp-json\/wp\/v2\/users\/1"}],"replies":[{"embeddable":true,"href":"https:\/\/bateau-noe.com\/index.php\/wp-json\/wp\/v2\/comments?post=60"}],"version-history":[{"count":1,"href":"https:\/\/bateau-noe.com\/index.php\/wp-json\/wp\/v2\/posts\/60\/revisions"}],"predecessor-version":[{"id":61,"href":"https:\/\/bateau-noe.com\/index.php\/wp-json\/wp\/v2\/posts\/60\/revisions\/61"}],"wp:attachment":[{"href":"https:\/\/bateau-noe.com\/index.php\/wp-json\/wp\/v2\/media?parent=60"}],"wp:term":[{"taxonomy":"category","embeddable":true,"href":"https:\/\/bateau-noe.com\/index.php\/wp-json\/wp\/v2\/categories?post=60"},{"taxonomy":"post_tag","embeddable":true,"href":"https:\/\/bateau-noe.com\/index.php\/wp-json\/wp\/v2\/tags?post=60"}],"curies":[{"name":"wp","href":"https:\/\/api.w.org\/{rel}","templated":true}]}}